{"id":2164,"global_id":"lesmouffettes.fr?id=2164","global_id_lineage":["lesmouffettes.fr?id=2164"],"author":"1","status":"publish","date":"2025-06-23 13:25:44","date_utc":"2025-06-23 11:25:44","modified":"2025-06-25 17:21:54","modified_utc":"2025-06-25 15:21:54","url":"https:\/\/lesmouffettes.fr\/index.php\/event\/mouffettes-danniversaire-3-ans\/","rest_url":"https:\/\/lesmouffettes.fr\/index.php\/wp-json\/tribe\/events\/v1\/events\/2164","title":"Mouffettes d&rsquo;anniversaire &#8211; 3 ans!","description":"<h5>L&rsquo;association f\u00eate ses 3 ans!<\/h5>\n<p>Voil\u00e0, on dit que l&rsquo;amour dure 3 ans, alors on va f\u00eater cela comme il se doit, on va inventer, s&rsquo;entraider et se renouveler pour que l&rsquo;amour perdure joliment.<br \/>\nOn s&rsquo;offre 4 journ\u00e9es immersives dans le coeur et l&rsquo;ADN des Mouffettes, des moments de r\u00e9flexion et de joie pour c\u00e9l\u00e9brer et imaginer la suite ensemble.<\/p>\n<h6><strong>MERCREDI 9 JUILLET &gt; JOURN\u00c9E ASSOCIATIVE<\/strong><\/h6>\n<p><em>sur inscription par mail \u00e0 <a href=\"mailto:cafe@lesmouffettes.fr\">cafe@lesmouffettes.fr<\/a> ou au comptoir du caf\u00e9 directement.<\/em><\/p>\n<p><strong>9h &gt;13h:<\/strong> caf\u00e9 papote et pancarte<br \/>\nOn repeint la pancarte de devanture du caf\u00e9 aux couleurs des Mouffettes! Petit mat\u00e9riel et bonne humeur bienvenues!<br \/>\n<strong>13h &gt; 14h:<\/strong> repas partag\u00e9 au caf\u00e9<br \/>\nPr\u00e9viens nous si tu restes manger afin de pr\u00e9voir en cons\u00e9quence.<br \/>\n<strong>14h &gt; 16h:<\/strong> Pause rivi\u00e8re. Prends ton maillot!<br \/>\n<strong>16h &gt; 18h:<\/strong> Formation des b\u00e9n\u00e9voles.<br \/>\nNous d\u00e9couvrirons ensemble les bases de l&rsquo;accueil \u00ab\u00a0Mouffette\u00a0\u00bb aupr\u00e8s des publics, nos outils en faveur de l&rsquo;inclusion et du faire ensemble. Nous r\u00e9fl\u00e9chirons aussi \u00e0 comment nous mettons collectivement en place un projet \u00e0 vocation culturelle au sein d&rsquo;un caf\u00e9 de village. Enfin nous d\u00e9couvrirons les bases de service au caf\u00e9 et sur les \u00e9v\u00e9nements hors les murs.<br \/>\n<strong>18h &gt; 19h:<\/strong> Assembl\u00e9e g\u00e9n\u00e9rale<br \/>\nLe moment incontournable pour tout comprendre sur la folle aventure des Mouffettes! R\u00e9\u00e9lection du conseil d&rsquo;administration de l&rsquo;association.<\/p>\n<p>Et on terminera la journ\u00e9e par un JAM ap\u00e9ro!<\/p>\n<p><img loading=\"lazy\" decoding=\"async\" class=\"alignnone wp-image-2103 size-full\" src=\"https:\/\/lesmouffettes.fr\/wp-content\/uploads\/2025\/05\/954e9e_5930571d61c049519e00204864053b1fmv2.jpg\" alt=\"\" width=\"1400\" height=\"549\" srcset=\"https:\/\/lesmouffettes.fr\/wp-content\/uploads\/2025\/05\/954e9e_5930571d61c049519e00204864053b1fmv2.jpg 1400w, https:\/\/lesmouffettes.fr\/wp-content\/uploads\/2025\/05\/954e9e_5930571d61c049519e00204864053b1fmv2-300x118.jpg 300w, https:\/\/lesmouffettes.fr\/wp-content\/uploads\/2025\/05\/954e9e_5930571d61c049519e00204864053b1fmv2-1024x402.jpg 1024w, https:\/\/lesmouffettes.fr\/wp-content\/uploads\/2025\/05\/954e9e_5930571d61c049519e00204864053b1fmv2-768x301.jpg 768w, https:\/\/lesmouffettes.fr\/wp-content\/uploads\/2025\/05\/954e9e_5930571d61c049519e00204864053b1fmv2-1200x471.jpg 1200w\" sizes=\"auto, (max-width: 1400px) 100vw, 1400px\" \/><\/p>\n<h6><strong>JEUDI 10 JUILLET &gt; CONCERT <a href=\"https:\/\/lesmouffettes.fr\/index.php\/event\/odette-quartet\/\">ODETTE QUARTET<\/a><\/strong><\/h6>\n<p><strong>19h:<\/strong> Mots des \u00e9lu e s de la commune, des partenaires et des Mouffettes<br \/>\n<strong>20h:<\/strong> Concert \u00d4dette Quartet<br \/>\n<strong>22h:<\/strong> G\u00e2teau d&rsquo;anniversaire surprises et cotillons!<br \/>\nTraiteur sur place: Fala&rsquo;Chiche<\/p>\n<p><em>\u00d4dette Quartet est un ensemble de voix et de percussions.<\/em><br \/>\n<em>Son r\u00e9pertoire s\u2019articule autour de chants traditionnels et contemporains, de compositions et d\u2019improvisation.<\/em><br \/>\n<em>Dans cet univers vibrant et color\u00e9, \u00d4dette explore le monde, les \u00e9poques et les histoires de vie. Elle chante pour le partage et pour mieux vivre aussi.<\/em><\/p>\n<h6><\/h6>\n<p><img loading=\"lazy\" decoding=\"async\" class=\"alignnone wp-image-2175 size-full\" src=\"https:\/\/lesmouffettes.fr\/wp-content\/uploads\/2025\/06\/484111256_629467113170546_1138930179801975620_n.jpg\" alt=\"\" width=\"2048\" height=\"1169\" srcset=\"https:\/\/lesmouffettes.fr\/wp-content\/uploads\/2025\/06\/484111256_629467113170546_1138930179801975620_n.jpg 2048w, https:\/\/lesmouffettes.fr\/wp-content\/uploads\/2025\/06\/484111256_629467113170546_1138930179801975620_n-300x171.jpg 300w, https:\/\/lesmouffettes.fr\/wp-content\/uploads\/2025\/06\/484111256_629467113170546_1138930179801975620_n-1024x585.jpg 1024w, https:\/\/lesmouffettes.fr\/wp-content\/uploads\/2025\/06\/484111256_629467113170546_1138930179801975620_n-768x438.jpg 768w, https:\/\/lesmouffettes.fr\/wp-content\/uploads\/2025\/06\/484111256_629467113170546_1138930179801975620_n-1536x877.jpg 1536w, https:\/\/lesmouffettes.fr\/wp-content\/uploads\/2025\/06\/484111256_629467113170546_1138930179801975620_n-1200x685.jpg 1200w, https:\/\/lesmouffettes.fr\/wp-content\/uploads\/2025\/06\/484111256_629467113170546_1138930179801975620_n-1980x1130.jpg 1980w\" sizes=\"auto, (max-width: 2048px) 100vw, 2048px\" \/><em>Illustration Sarah Fistole<\/em><\/p>\n<h6><strong>VENDREDI 11 juillet &gt; ATELIER VERNISSAGE LA BESTIOLE<\/strong><\/h6>\n<p>D\u00e8s le mois de juillet, la librairie La Bestiole installe une partie de son atelier au caf\u00e9 des Mouffettes.<br \/>\nA l&rsquo;occasion de son vernissage, La Bestiole et les Mouffettes vous convient \u00e0 2 ateliers participatifs de typographie et de s\u00e9rigraphie. Jeux de mots, calembours, mobiles de papiers et manipulation de lettres &#8230; Venez vous amuser et cr\u00e9er de jolies choses en lien avec les Mouffettes.<\/p>\n<p><strong>10h &gt; 13h:<\/strong> Atelier participatif typographie<br \/>\n<strong>17h &gt; 22h<\/strong> Atelier participatif s\u00e9rigraphie<br \/>\n<strong>18h30<\/strong>\u00a0Vernissage et d\u00e9ballage d&rsquo;atelier<br \/>\nRepas partag\u00e9!<\/p>\n<h6><\/h6>\n<h6><img loading=\"lazy\" decoding=\"async\" class=\"alignnone wp-image-2176 size-large\" src=\"https:\/\/lesmouffettes.fr\/wp-content\/uploads\/2025\/06\/MG_2435_duo-1024x1024.jpg\" alt=\"\" width=\"580\" height=\"580\" srcset=\"https:\/\/lesmouffettes.fr\/wp-content\/uploads\/2025\/06\/MG_2435_duo-1024x1024.jpg 1024w, https:\/\/lesmouffettes.fr\/wp-content\/uploads\/2025\/06\/MG_2435_duo-300x300.jpg 300w, https:\/\/lesmouffettes.fr\/wp-content\/uploads\/2025\/06\/MG_2435_duo-150x150.jpg 150w, https:\/\/lesmouffettes.fr\/wp-content\/uploads\/2025\/06\/MG_2435_duo-768x768.jpg 768w, https:\/\/lesmouffettes.fr\/wp-content\/uploads\/2025\/06\/MG_2435_duo-1200x1200.jpg 1200w, https:\/\/lesmouffettes.fr\/wp-content\/uploads\/2025\/06\/MG_2435_duo.jpg 1500w\" sizes=\"auto, (max-width: 580px) 100vw, 580px\" \/><\/h6>\n<h6><strong>SAMEDI 12 JUILLET &gt; CONCERT <a href=\"https:\/\/lesmouffettes.fr\/index.php\/event\/herissons-mc\/\">H\u00c9RISSONS MC<\/a><\/strong><\/h6>\n<p><strong>19h: <\/strong>Ap\u00e9ro Grande lessive!<br \/>\nOn r\u00e9colte et on suspend toutes tes envies de programmation au caf\u00e9 pour le mois de septembre.<br \/>\n<strong>20h30:<\/strong> Concert H\u00e9rissons MC<\/p>\n<p><em>Trompette et trombone en main, un tandem de rappeurs-souffleurs jubile propuls\u00e9 par un trio rythmique explosif. \u00c9lev\u00e9 au grain entre hip hop et jazz, H\u00c9RISSONS MC a le cuivre entre deux chaises\u2026 Grooves dansants, riffs tranchants, textes puissants, H\u00e9rissons piquants!<\/em><br \/>\n<em>Dans leur formule duo les 2 rappeurs-souffleurs font p\u00e9ter leurs embouchures et leurs textes tranchants dans un univers plus synth\u00e9tique: pilot\u00e9es par des machines en live, les instrus sugg\u00e8rent davantage les influences urbaines des 90\u2019s!<\/em><\/p>\n<p>&nbsp;<\/p>","excerpt":"","slug":"mouffettes-danniversaire-3-ans","image":{"url":"https:\/\/lesmouffettes.fr\/wp-content\/uploads\/2025\/06\/3-ans-2.jpg","id":2161,"extension":"jpg","width":1080,"height":1350,"filesize":1376898,"sizes":{"medium":{"width":240,"height":300,"mime-type":"image\/jpeg","filesize":35705,"url":"https:\/\/lesmouffettes.fr\/wp-content\/uploads\/2025\/06\/3-ans-2-240x300.jpg"},"large":{"width":819,"height":1024,"mime-type":"image\/jpeg","filesize":245953,"url":"https:\/\/lesmouffettes.fr\/wp-content\/uploads\/2025\/06\/3-ans-2-819x1024.jpg"},"thumbnail":{"width":150,"height":150,"mime-type":"image\/jpeg","filesize":15800,"url":"https:\/\/lesmouffettes.fr\/wp-content\/uploads\/2025\/06\/3-ans-2-150x150.jpg"},"medium_large":{"width":768,"height":960,"mime-type":"image\/jpeg","filesize":222924,"url":"https:\/\/lesmouffettes.fr\/wp-content\/uploads\/2025\/06\/3-ans-2-768x960.jpg"}}},"all_day":true,"start_date":"2025-07-09 00:00:00","start_date_details":{"year":"2025","month":"07","day":"09","hour":"00","minutes":"00","seconds":"00"},"end_date":"2025-07-12 23:59:59","end_date_details":{"year":"2025","month":"07","day":"12","hour":"23","minutes":"59","seconds":"59"},"utc_start_date":"2025-07-08 22:00:00","utc_start_date_details":{"year":"2025","month":"07","day":"08","hour":"22","minutes":"00","seconds":"00"},"utc_end_date":"2025-07-12 21:59:59","utc_end_date_details":{"year":"2025","month":"07","day":"12","hour":"21","minutes":"59","seconds":"59"},"timezone":"Europe\/Paris","timezone_abbr":"CEST","cost":"","cost_details":{"currency_symbol":"","currency_code":"","currency_position":"suffix","values":[]},"website":"","show_map":true,"show_map_link":true,"hide_from_listings":false,"sticky":true,"featured":false,"categories":[{"name":"juillet \/ aout","slug":"juillet","term_group":0,"term_taxonomy_id":10,"taxonomy":"tribe_events_cat","description":"","parent":0,"count":35,"filter":"raw","id":10,"urls":{"self":"https:\/\/lesmouffettes.fr\/index.php\/wp-json\/tribe\/events\/v1\/categories\/10","collection":"https:\/\/lesmouffettes.fr\/index.php\/wp-json\/tribe\/events\/v1\/categories"}},{"name":"rencontres \/ ateliers","slug":"rencontres-ateliers","term_group":0,"term_taxonomy_id":13,"taxonomy":"tribe_events_cat","description":"","parent":0,"count":45,"filter":"raw","id":13,"urls":{"self":"https:\/\/lesmouffettes.fr\/index.php\/wp-json\/tribe\/events\/v1\/categories\/13","collection":"https:\/\/lesmouffettes.fr\/index.php\/wp-json\/tribe\/events\/v1\/categories"}},{"name":"Soir\u00e9e sp\u00e9ciale","slug":"soiree-speciale","term_group":0,"term_taxonomy_id":8,"taxonomy":"tribe_events_cat","description":"","parent":0,"count":71,"filter":"raw","id":8,"urls":{"self":"https:\/\/lesmouffettes.fr\/index.php\/wp-json\/tribe\/events\/v1\/categories\/8","collection":"https:\/\/lesmouffettes.fr\/index.php\/wp-json\/tribe\/events\/v1\/categories"}}],"tags":[],"venue":{"id":84,"author":"1","status":"publish","date":"2022-06-08 16:15:01","date_utc":"2022-06-08 14:15:01","modified":"2022-06-08 16:18:11","modified_utc":"2022-06-08 14:18:11","url":"https:\/\/lesmouffettes.fr\/index.php\/lieu\/cafe-de-la-place-les-mouffettes\/","venue":"Caf\u00e9 de la place","slug":"cafe-de-la-place-les-mouffettes","address":"45 rue du Croutou","city":"St Bauzille de Putois","country":"France","zip":"34190","json_ld":{"@type":"Place","name":"Caf\u00e9 de la place","description":"","url":"","address":{"@type":"PostalAddress","streetAddress":"45 rue du Croutou","addressLocality":"St Bauzille de Putois","postalCode":"34190","addressCountry":"France"},"telephone":"","sameAs":""},"show_map":true,"show_map_link":true,"global_id":"lesmouffettes.fr?id=84","global_id_lineage":["lesmouffettes.fr?id=84"]},"organizer":[{"id":86,"author":"1","status":"publish","date":"2022-06-08 16:15:43","date_utc":"2022-06-08 14:15:43","modified":"2022-06-08 16:15:43","modified_utc":"2022-06-08 14:15:43","url":"https:\/\/lesmouffettes.fr\/index.php\/organisateur\/les-mouffettes\/","organizer":"Les Mouffettes","slug":"les-mouffettes","website":"www.lesmouffettes.fr","email":"contact@lesmouffettes.fr","json_ld":{"@type":"Person","name":"Les Mouffettes","description":"","url":"http:\/\/www.lesmouffettes.fr","telephone":"","email":"c&#111;ntact&#64;&#108;e&#115;m&#111;uf&#102;ett&#101;s&#46;fr","sameAs":"http:\/\/www.lesmouffettes.fr"},"global_id":"lesmouffettes.fr?id=86","global_id_lineage":["lesmouffettes.fr?id=86"]}],"custom_fields":[],"json_ld":{"@context":"http:\/\/schema.org","@type":"Event","name":"Mouffettes d&rsquo;anniversaire &#8211; 3 ans!","description":"&lt;p&gt;L\\'association f\u00eate ses 3 ans! Voil\u00e0, on dit que l\\'amour dure 3 ans, alors on va f\u00eater cela comme il se doit, on va inventer, s\\'entraider et se renouveler pour [&hellip;]&lt;\/p&gt;\\n","image":"https:\/\/lesmouffettes.fr\/wp-content\/uploads\/2025\/06\/3-ans-2.jpg","url":"https:\/\/lesmouffettes.fr\/index.php\/event\/mouffettes-danniversaire-3-ans\/","eventAttendanceMode":"https:\/\/schema.org\/OfflineEventAttendanceMode","eventStatus":"https:\/\/schema.org\/EventScheduled","startDate":"2025-07-09T00:00:00+02:00","endDate":"2025-07-12T23:59:59+02:00","location":{"@type":"Place","name":"Caf\u00e9 de la place","description":"","url":"","address":{"@type":"PostalAddress","streetAddress":"45 rue du Croutou","addressLocality":"St Bauzille de Putois","postalCode":"34190","addressCountry":"France"},"telephone":"","sameAs":""},"organizer":{"@type":"Person","name":"Les Mouffettes","description":"","url":"http:\/\/www.lesmouffettes.fr","telephone":"","email":"c&#111;&#110;&#116;&#97;ct&#64;l&#101;&#115;&#109;&#111;u&#102;fet&#116;&#101;s&#46;&#102;&#114;","sameAs":"http:\/\/www.lesmouffettes.fr"},"performer":"Organization"}}